{"id":1378,"date":"2025-11-10T16:44:43","date_gmt":"2025-11-10T16:44:43","guid":{"rendered":"https:\/\/docteurdudemenagement.com\/?p=1378"},"modified":"2026-03-03T19:34:49","modified_gmt":"2026-03-03T19:34:49","slug":"demenagement-a-laval-en-hiver-nos-conseils","status":"publish","type":"post","link":"https:\/\/docteurdudemenagement.com\/fr\/demenagement-a-laval-en-hiver-nos-conseils\/","title":{"rendered":"D\u00e9m\u00e9nagement \u00e0 Laval en hiver : nos conseils"},"content":{"rendered":"<p>Pr\u00e9voir un d\u00e9m\u00e9nagement \u00e0 Laval en hiver peut sembler intimidant. Neige, verglas et temp\u00e9ratures glaciales sont autant de facteurs qui compliquent le processus.<br data-start=\"848\" data-end=\"851\" \/>Cependant, avec une bonne pr\u00e9paration et les bons partenaires, il est possible de transformer ce d\u00e9fi en une exp\u00e9rience fluide et s\u00e9curitaire.<\/p>\n<p>Dans cet article, le <a href=\"https:\/\/docteurdudemenagement.com\/fr\/\">Docteur du d\u00e9m\u00e9nagement<\/a> partage ses meilleurs conseils pour anticiper les obstacles du d\u00e9m\u00e9nagement hivernal \u00e0 Laval et profiter d\u2019un service sans stress.<\/p>\n<h2 data-start=\"1145\" data-end=\"1189\">1. Pr\u00e9parer votre d\u00e9m\u00e9nagement \u00e0 Laval en hiver \u00e0 l\u2019avance<\/h2>\n<p data-start=\"1147\" data-end=\"1500\">La cl\u00e9 d\u2019un <strong data-start=\"1159\" data-end=\"1199\">d\u00e9m\u00e9nagement hivernal r\u00e9ussi \u00e0 Laval<\/strong> est une planification minutieuse. <a href=\"https:\/\/www.meteomedia.com\/fr\/ville\/ca\/quebec\/laval\/7-jours\">V\u00e9rifiez la m\u00e9t\u00e9o<\/a> quelques jours avant la date pr\u00e9vue pour \u00e9viter les temp\u00eates de neige. Choisissez le moment le plus s\u00fbr possible.<\/p>\n<p data-start=\"1147\" data-end=\"1500\">Assurez-vous que l\u2019acc\u00e8s \u00e0 votre immeuble ou votre maison soit bien d\u00e9gag\u00e9. De plus, v\u00e9rifiez que le stationnement est disponible pour le camion.<\/p>\n<p data-start=\"1502\" data-end=\"1712\">\ud83d\udc49 En faisant appel au <a href=\"https:\/\/docteurdudemenagement.com\/fr\/\">Docteur du d\u00e9m\u00e9nagement<\/a>, vous b\u00e9n\u00e9ficiez d\u2019une \u00e9quipe exp\u00e9riment\u00e9e qui planifie chaque \u00e9tape selon les conditions hivernales. Cela garantit un transport s\u00e9curitaire et ponctuel.<\/p>\n<p data-start=\"1502\" data-end=\"1712\">Si vous restez dans la r\u00e9gion, d\u00e9couvrez notre service de <strong data-start=\"1772\" data-end=\"1825\">d\u00e9m\u00e9nagement local \u00e0 Laval<\/strong> \u2014 rapide, efficace et adapt\u00e9 aux besoins r\u00e9sidentiels.<\/p>\n<h2 data-start=\"1606\" data-end=\"1656\">2. Prot\u00e9ger vos biens du froid et de l\u2019humidit\u00e9<\/h2>\n<p data-start=\"1939\" data-end=\"2269\">Les <a href=\"https:\/\/www.laval.ca\/securite-publique\/mesures-urgences-securite-civile\/situations-urgence\/conditions-hivernales-extreme\/\">temp\u00e9ratures glaciales<\/a> peuvent endommager certains objets, comme les meubles en bois, les instruments de musique ou les appareils \u00e9lectroniques.<\/p>\n<p data-start=\"1939\" data-end=\"2269\">Le Docteur du d\u00e9m\u00e9nagement recommande d\u2019utiliser des housses imperm\u00e9ables, des couvertures \u00e9paisses et des emballages antichocs pour prot\u00e9ger vos biens pendant le transport.<\/p>\n<p data-start=\"2271\" data-end=\"2455\">Vous pouvez aussi confier la pr\u00e9paration \u00e0 nos sp\u00e9cialistes gr\u00e2ce \u00e0 notre <a href=\"https:\/\/docteurdudemenagement.com\/fr\/services\/service-emballage\/\">service d\u2019emballage<\/a> professionnel, qui assure la s\u00e9curit\u00e9 de vos objets les plus fragiles.<\/p>\n<p data-start=\"1990\" data-end=\"2248\">\ud83c\udf3f <em data-start=\"2103\" data-end=\"2140\">Astuce du Docteur du d\u00e9m\u00e9nagement :<\/em> <a href=\"https:\/\/docteurdudemenagement.com\/fr\/un-guide-complet-sur-la-facon-de-deplacer-les-plantes\/\">transportez vos plantes<\/a> dans votre v\u00e9hicule chauff\u00e9 pour \u00e9viter qu\u2019ils ne g\u00e8lent.<\/p>\n<p data-start=\"1990\" data-end=\"2248\"><img loading=\"lazy\" decoding=\"async\" class=\"alignnone wp-image-1281 size-large\" src=\"https:\/\/docteurdudemenagement.com\/wp-content\/uploads\/2025\/07\/pexels-ketut-subiyanto-4246109-1-1024x683.jpg\" alt=\"D\u00e9m\u00e9nagement \u00e0 Laval avec notre \u00e9quipe avec notre service d'emballage\" width=\"640\" height=\"427\" srcset=\"https:\/\/docteurdudemenagement.com\/wp-content\/uploads\/2025\/07\/pexels-ketut-subiyanto-4246109-1-1024x683.jpg 1024w, https:\/\/docteurdudemenagement.com\/wp-content\/uploads\/2025\/07\/pexels-ketut-subiyanto-4246109-1-300x200.jpg 300w, https:\/\/docteurdudemenagement.com\/wp-content\/uploads\/2025\/07\/pexels-ketut-subiyanto-4246109-1-768x512.jpg 768w, https:\/\/docteurdudemenagement.com\/wp-content\/uploads\/2025\/07\/pexels-ketut-subiyanto-4246109-1-1536x1024.jpg 1536w, https:\/\/docteurdudemenagement.com\/wp-content\/uploads\/2025\/07\/pexels-ketut-subiyanto-4246109-1-2048x1365.jpg 2048w\" sizes=\"auto, (max-width: 640px) 100vw, 640px\" \/><\/p>\n<h2 data-start=\"2458\" data-end=\"2516\">3. Assurer la s\u00e9curit\u00e9 pendant le d\u00e9m\u00e9nagement hivernal<\/h2>\n<p data-start=\"2518\" data-end=\"2963\">Le verglas et la neige repr\u00e9sentent des risques pour tous. Heureusement, l\u2019\u00e9quipe du Docteur du d\u00e9m\u00e9nagement est form\u00e9e pour travailler efficacement m\u00eame en conditions difficiles.<\/p>\n<p data-start=\"2518\" data-end=\"2963\">Nous vous recommandons de d\u00e9neiger et de saler les all\u00e9es, trottoirs et escaliers pour r\u00e9duire les risques de chute.<\/p>\n<p data-start=\"2518\" data-end=\"2963\">Nos d\u00e9m\u00e9nageurs utilisent des \u00e9quipements adapt\u00e9s \u2014 gants isolants, bottes antid\u00e9rapantes et outils s\u00e9curitaires \u2014 pour manipuler vos biens sans danger.<\/p>\n<p data-start=\"2518\" data-end=\"2963\">Pour les entreprises, notre service de <a href=\"https:\/\/docteurdudemenagement.com\/fr\/services\/demenagement-commercial\/\">d\u00e9m\u00e9nagement commercial<\/a> assure une relocalisation rapide et efficace, m\u00eame en p\u00e9riode hivernale.<\/p>\n<h2 data-start=\"3111\" data-end=\"3169\">4. Optimiser le chargement et le transport de vos biens<\/h2>\n<p data-start=\"3697\" data-end=\"4154\">En hiver, chaque minute pass\u00e9e dehors augmente les risques li\u00e9s au froid.<\/p>\n<p data-start=\"3697\" data-end=\"4154\">C\u2019est pourquoi l\u2019\u00e9quipe du <strong data-start=\"3560\" data-end=\"3587\">Docteur du d\u00e9m\u00e9nagement<\/strong> planifie le chargement de fa\u00e7on strat\u00e9gique afin de limiter le temps d\u2019exposition et de prot\u00e9ger vos objets du gel.<\/p>\n<p data-start=\"3697\" data-end=\"4154\">Les gros meubles sont recouverts de couvertures \u00e9paisses et fix\u00e9s solidement dans le camion. Quant aux objets fragiles \u2014 comme les appareils \u00e9lectroniques ou les \u0153uvres d\u2019art \u2014 ils sont isol\u00e9s pour \u00e9viter les chocs thermiques.<\/p>\n<p data-start=\"4156\" data-end=\"4332\">Si vous d\u00e9m\u00e9nagez vers une autre r\u00e9gion, profitez de notre service de <a href=\"https:\/\/docteurdudemenagement.com\/fr\/services\/demenagement-longue-distance\/\">d\u00e9m\u00e9nagement longue distance<\/a>, avec un suivi personnalis\u00e9 tout au long du trajet.<\/p>\n<p data-start=\"4156\" data-end=\"4332\"><img loading=\"lazy\" decoding=\"async\" class=\"alignnone wp-image-1345 size-full\" src=\"https:\/\/docteurdudemenagement.com\/wp-content\/uploads\/2025\/09\/van-mockup-isolated-concept-truck-mock-up-2023-11-27-05-23-33-utc.webp\" alt=\"D\u00e9m\u00e9nagement longue distance en hiver.\" width=\"900\" height=\"506\" srcset=\"https:\/\/docteurdudemenagement.com\/wp-content\/uploads\/2025\/09\/van-mockup-isolated-concept-truck-mock-up-2023-11-27-05-23-33-utc.webp 900w, https:\/\/docteurdudemenagement.com\/wp-content\/uploads\/2025\/09\/van-mockup-isolated-concept-truck-mock-up-2023-11-27-05-23-33-utc-300x169.webp 300w, https:\/\/docteurdudemenagement.com\/wp-content\/uploads\/2025\/09\/van-mockup-isolated-concept-truck-mock-up-2023-11-27-05-23-33-utc-768x432.webp 768w\" sizes=\"auto, (max-width: 900px) 100vw, 900px\" \/><\/p>\n<h2 data-start=\"3841\" data-end=\"3890\">5. G\u00e9rer l\u2019apr\u00e8s-d\u00e9m\u00e9nagement \u00e0 Laval en hiver<\/h2>\n<p data-start=\"4596\" data-end=\"5007\">Une fois arriv\u00e9 dans votre nouveau logement, certaines \u00e9tapes sont cruciales pour s\u00e9curiser votre installation.<\/p>\n<p data-start=\"4596\" data-end=\"5007\">Le <strong data-start=\"4713\" data-end=\"4740\">Docteur du d\u00e9m\u00e9nagement<\/strong> vous conseille de d\u00e9neiger autour de votre entr\u00e9e avant le d\u00e9chargement et de v\u00e9rifier rapidement le chauffage, l\u2019eau et l\u2019\u00e9lectricit\u00e9.<\/p>\n<p data-start=\"4596\" data-end=\"5007\">M\u00eame si le froid est mordant, organisez un plan de d\u00e9ballage efficace pour \u00e9viter de laisser vos biens expos\u00e9s trop longtemps.<\/p>\n<p data-start=\"5009\" data-end=\"5267\">\ud83d\udca1 Besoin d\u2019un coup de main suppl\u00e9mentaire? Profitez de notre <a class=\"decorated-link cursor-pointer\" rel=\"noopener\" data-start=\"5073\" data-end=\"5119\">service d\u2019<\/a><a class=\"decorated-link cursor-pointer\" href=\"https:\/\/docteurdudemenagement.com\/fr\/services\/assemblage-de-meubles\/\" rel=\"noopener\" data-start=\"5073\" data-end=\"5119\">assemblage de meubles<\/a> pour gagner du temps, ou encore de notre <a href=\"https:\/\/docteurdudemenagement.com\/fr\/services\/service-de-stockage\/\">service de stockage<\/a> s\u00e9curis\u00e9 si vous devez entreposer certains articles temporairement.<\/p>\n<p data-start=\"5009\" data-end=\"5267\"><img loading=\"lazy\" decoding=\"async\" class=\"alignnone wp-image-1384 size-large\" src=\"https:\/\/docteurdudemenagement.com\/wp-content\/uploads\/2025\/11\/pexels-yankrukov-5217124-1024x683.jpg\" alt=\"\u00c9quipe offrant notre service d'assemblage de meubles. \" width=\"640\" height=\"427\" srcset=\"https:\/\/docteurdudemenagement.com\/wp-content\/uploads\/2025\/11\/pexels-yankrukov-5217124-1024x683.jpg 1024w, https:\/\/docteurdudemenagement.com\/wp-content\/uploads\/2025\/11\/pexels-yankrukov-5217124-300x200.jpg 300w, https:\/\/docteurdudemenagement.com\/wp-content\/uploads\/2025\/11\/pexels-yankrukov-5217124-768x512.jpg 768w, https:\/\/docteurdudemenagement.com\/wp-content\/uploads\/2025\/11\/pexels-yankrukov-5217124-1536x1024.jpg 1536w, https:\/\/docteurdudemenagement.com\/wp-content\/uploads\/2025\/11\/pexels-yankrukov-5217124-2048x1365.jpg 2048w\" sizes=\"auto, (max-width: 640px) 100vw, 640px\" \/><\/p>\n<h2 data-start=\"4491\" data-end=\"4552\">6. Astuces bonus pour un d\u00e9m\u00e9nagement hivernal plus simple<\/h2>\n<ul data-start=\"4554\" data-end=\"5052\">\n<li data-start=\"4554\" data-end=\"4645\">\n<p data-start=\"4556\" data-end=\"4645\">Pr\u00e9parez une checklist sp\u00e9ciale <a href=\"https:\/\/docteurdudemenagement.com\/fr\/pourquoi-doctor-mover-est-le-choix-parfait-pour-votre-demenagement-hivernal-a-laval\/\">d\u00e9m\u00e9nagement hivernal \u00e0 Laval<\/a> pour ne rien oublier.<\/p>\n<\/li>\n<li data-start=\"4646\" data-end=\"4709\">\n<p data-start=\"4648\" data-end=\"4709\">Regroupez vos objets par priorit\u00e9 pour un d\u00e9ballage rapide.<\/p>\n<\/li>\n<li data-start=\"4710\" data-end=\"4796\">\n<p data-start=\"4712\" data-end=\"4796\">Pensez \u00e0 r\u00e9chauffer votre nouveau logement avant l\u2019arriv\u00e9e du camion, si possible.<\/p>\n<\/li>\n<li data-start=\"4797\" data-end=\"4889\">\n<p data-start=\"4799\" data-end=\"4889\">Gardez une trousse d\u2019urgence \u00e0 port\u00e9e de main (boissons chaudes, gants, lampe de poche).<\/p>\n<\/li>\n<li data-start=\"4890\" data-end=\"5052\">\n<p data-start=\"4892\" data-end=\"5052\">Et surtout : confiez votre projet \u00e0 un d\u00e9m\u00e9nageur professionnel comme le Docteur du d\u00e9m\u00e9nagement, qui conna\u00eet parfaitement les r\u00e9alit\u00e9s du climat qu\u00e9b\u00e9cois.<\/p>\n<\/li>\n<\/ul>\n<h2 data-start=\"5059\" data-end=\"5072\">Conclusion<\/h2>\n<p data-start=\"5074\" data-end=\"5463\">Faire un d\u00e9m\u00e9nagement \u00e0 Laval en hiver comporte certains d\u00e9fis. Cependant, avec une pr\u00e9paration rigoureuse et l\u2019aide du Docteur du d\u00e9m\u00e9nagement, vous pouvez vivre une exp\u00e9rience s\u00e9curitaire, rapide et sans stress.<\/p>\n<p data-start=\"5074\" data-end=\"5463\">Nos \u00e9quipes sp\u00e9cialis\u00e9es vous accompagnent \u00e0 chaque \u00e9tape \u2014 que ce soit pour un d\u00e9m\u00e9nagement local, commercial ou longue distance \u2014 du premier carton jusqu\u2019\u00e0 votre installation finale.<\/p>\n<p data-start=\"5465\" data-end=\"5598\">\ud83d\udcde Contactez le Docteur du d\u00e9m\u00e9nagement et obtenez un <a href=\"https:\/\/docteurdudemenagement.com\/fr\/estimation\/\">devis gratuit<\/a> d\u00e8s aujourd\u2019hui pour planifier votre d\u00e9m\u00e9nagement hivernal \u00e0 Laval en toute tranquillit\u00e9.<\/p>\n","protected":false},"excerpt":{"rendered":"<p>Pr\u00e9voir un d\u00e9m\u00e9nagement \u00e0 Laval en hiver peut sembler intimidant. Neige, verglas et temp\u00e9ratures glaciales sont autant de facteurs qui compliquent le processus.Cependant, avec une bonne pr\u00e9paration et les bons partenaires, il est possible de transformer ce d\u00e9fi en une exp\u00e9rience fluide et s\u00e9curitaire. Dans cet article, le Docteur du d\u00e9m\u00e9nagement partage ses meilleurs conseils [&hellip;]<\/p>\n","protected":false},"author":10,"featured_media":1382,"comment_status":"closed","ping_status":"closed","sticky":false,"template":"","format":"standard","meta":{"_acf_changed":false,"footnotes":""},"categories":[15],"tags":[],"class_list":["post-1378","post","type-post","status-publish","format-standard","has-post-thumbnail","hentry","category-demenagement-commercial"],"acf":[],"yoast_head":"<!-- This site is optimized with the Yoast SEO plugin v25.5 - https:\/\/yoast.com\/wordpress\/plugins\/seo\/ -->\n<title>D\u00e9m\u00e9nagement \u00e0 Laval en hiver : nos conseils - Doctor Mover<\/title>\n<meta name=\"description\" content=\"D\u00e9m\u00e9nagement \u00e0 Laval en hiver\u202f: nos conseils pour un d\u00e9m\u00e9nagement s\u00fbr, rapide et sans stress malgr\u00e9 le froid.\" \/>\n<meta name=\"robots\" content=\"index, follow, max-snippet:-1, max-image-preview:large, max-video-preview:-1\" \/>\n<link rel=\"canonical\" href=\"https:\/\/docteurdudemenagement.com\/fr\/demenagement-a-laval-en-hiver-nos-conseils\/\" \/>\n<meta property=\"og:locale\" content=\"fr_FR\" \/>\n<meta property=\"og:type\" content=\"article\" \/>\n<meta property=\"og:title\" content=\"D\u00e9m\u00e9nagement \u00e0 Laval en hiver : nos conseils - Doctor Mover\" \/>\n<meta property=\"og:description\" content=\"D\u00e9m\u00e9nagement \u00e0 Laval en hiver\u202f: nos conseils pour un d\u00e9m\u00e9nagement s\u00fbr, rapide et sans stress malgr\u00e9 le froid.\" \/>\n<meta property=\"og:url\" content=\"https:\/\/docteurdudemenagement.com\/fr\/demenagement-a-laval-en-hiver-nos-conseils\/\" \/>\n<meta property=\"og:site_name\" content=\"Doctor Mover\" \/>\n<meta property=\"article:published_time\" content=\"2025-11-10T16:44:43+00:00\" \/>\n<meta property=\"article:modified_time\" content=\"2026-03-03T19:34:49+00:00\" \/>\n<meta property=\"og:image\" content=\"https:\/\/docteurdudemenagement.com\/wp-content\/uploads\/2025\/11\/pexels-blue-bird-7217937-scaled.jpg\" \/>\n\t<meta property=\"og:image:width\" content=\"2560\" \/>\n\t<meta property=\"og:image:height\" content=\"1707\" \/>\n\t<meta property=\"og:image:type\" content=\"image\/jpeg\" \/>\n<meta name=\"author\" content=\"mireille\" \/>\n<meta name=\"twitter:card\" content=\"summary_large_image\" \/>\n<meta name=\"twitter:label1\" content=\"\u00c9crit par\" \/>\n\t<meta name=\"twitter:data1\" content=\"mireille\" \/>\n\t<meta name=\"twitter:label2\" content=\"Dur\u00e9e de lecture estim\u00e9e\" \/>\n\t<meta name=\"twitter:data2\" content=\"5 minutes\" \/>\n<script type=\"application\/ld+json\" class=\"yoast-schema-graph\">{\"@context\":\"https:\/\/schema.org\",\"@graph\":[{\"@type\":\"WebPage\",\"@id\":\"https:\/\/docteurdudemenagement.com\/fr\/demenagement-a-laval-en-hiver-nos-conseils\/\",\"url\":\"https:\/\/docteurdudemenagement.com\/fr\/demenagement-a-laval-en-hiver-nos-conseils\/\",\"name\":\"D\u00e9m\u00e9nagement \u00e0 Laval en hiver : nos conseils - Doctor Mover\",\"isPartOf\":{\"@id\":\"https:\/\/docteurdudemenagement.com\/#website\"},\"primaryImageOfPage\":{\"@id\":\"https:\/\/docteurdudemenagement.com\/fr\/demenagement-a-laval-en-hiver-nos-conseils\/#primaryimage\"},\"image\":{\"@id\":\"https:\/\/docteurdudemenagement.com\/fr\/demenagement-a-laval-en-hiver-nos-conseils\/#primaryimage\"},\"thumbnailUrl\":\"https:\/\/docteurdudemenagement.com\/wp-content\/uploads\/2025\/11\/pexels-blue-bird-7217937-scaled.jpg\",\"datePublished\":\"2025-11-10T16:44:43+00:00\",\"dateModified\":\"2026-03-03T19:34:49+00:00\",\"author\":{\"@id\":\"https:\/\/docteurdudemenagement.com\/#\/schema\/person\/30c526960b92ebca32e42287f32f50de\"},\"description\":\"D\u00e9m\u00e9nagement \u00e0 Laval en hiver\u202f: nos conseils pour un d\u00e9m\u00e9nagement s\u00fbr, rapide et sans stress malgr\u00e9 le froid.\",\"inLanguage\":\"fr-FR\",\"potentialAction\":[{\"@type\":\"ReadAction\",\"target\":[\"https:\/\/docteurdudemenagement.com\/fr\/demenagement-a-laval-en-hiver-nos-conseils\/\"]}]},{\"@type\":\"ImageObject\",\"inLanguage\":\"fr-FR\",\"@id\":\"https:\/\/docteurdudemenagement.com\/fr\/demenagement-a-laval-en-hiver-nos-conseils\/#primaryimage\",\"url\":\"https:\/\/docteurdudemenagement.com\/wp-content\/uploads\/2025\/11\/pexels-blue-bird-7217937-scaled.jpg\",\"contentUrl\":\"https:\/\/docteurdudemenagement.com\/wp-content\/uploads\/2025\/11\/pexels-blue-bird-7217937-scaled.jpg\",\"width\":2560,\"height\":1707,\"caption\":\"Couple\"},{\"@type\":\"WebSite\",\"@id\":\"https:\/\/docteurdudemenagement.com\/#website\",\"url\":\"https:\/\/docteurdudemenagement.com\/\",\"name\":\"Doctor Mover\",\"description\":\"La prescription ultime pour un d\u00e9m\u00e9nagement r\u00e9ussi !\",\"potentialAction\":[{\"@type\":\"SearchAction\",\"target\":{\"@type\":\"EntryPoint\",\"urlTemplate\":\"https:\/\/docteurdudemenagement.com\/?s={search_term_string}\"},\"query-input\":{\"@type\":\"PropertyValueSpecification\",\"valueRequired\":true,\"valueName\":\"search_term_string\"}}],\"inLanguage\":\"fr-FR\"},{\"@type\":\"Person\",\"@id\":\"https:\/\/docteurdudemenagement.com\/#\/schema\/person\/30c526960b92ebca32e42287f32f50de\",\"name\":\"mireille\",\"image\":{\"@type\":\"ImageObject\",\"inLanguage\":\"fr-FR\",\"@id\":\"https:\/\/docteurdudemenagement.com\/#\/schema\/person\/image\/\",\"url\":\"https:\/\/secure.gravatar.com\/avatar\/410598008182c6c4b3c54f655b7206be8e1060f7abccaa9daa02424e03517df4?s=96&d=mm&r=g\",\"contentUrl\":\"https:\/\/secure.gravatar.com\/avatar\/410598008182c6c4b3c54f655b7206be8e1060f7abccaa9daa02424e03517df4?s=96&d=mm&r=g\",\"caption\":\"mireille\"},\"url\":\"https:\/\/docteurdudemenagement.com\/fr\/author\/mireille\/\"}]}<\/script>\n<!-- \/ Yoast SEO plugin. -->","yoast_head_json":{"title":"D\u00e9m\u00e9nagement \u00e0 Laval en hiver : nos conseils - Doctor Mover","description":"D\u00e9m\u00e9nagement \u00e0 Laval en hiver\u202f: nos conseils pour un d\u00e9m\u00e9nagement s\u00fbr, rapide et sans stress malgr\u00e9 le froid.","robots":{"index":"index","follow":"follow","max-snippet":"max-snippet:-1","max-image-preview":"max-image-preview:large","max-video-preview":"max-video-preview:-1"},"canonical":"https:\/\/docteurdudemenagement.com\/fr\/demenagement-a-laval-en-hiver-nos-conseils\/","og_locale":"fr_FR","og_type":"article","og_title":"D\u00e9m\u00e9nagement \u00e0 Laval en hiver : nos conseils - Doctor Mover","og_description":"D\u00e9m\u00e9nagement \u00e0 Laval en hiver\u202f: nos conseils pour un d\u00e9m\u00e9nagement s\u00fbr, rapide et sans stress malgr\u00e9 le froid.","og_url":"https:\/\/docteurdudemenagement.com\/fr\/demenagement-a-laval-en-hiver-nos-conseils\/","og_site_name":"Doctor Mover","article_published_time":"2025-11-10T16:44:43+00:00","article_modified_time":"2026-03-03T19:34:49+00:00","og_image":[{"width":2560,"height":1707,"url":"https:\/\/docteurdudemenagement.com\/wp-content\/uploads\/2025\/11\/pexels-blue-bird-7217937-scaled.jpg","type":"image\/jpeg"}],"author":"mireille","twitter_card":"summary_large_image","twitter_misc":{"\u00c9crit par":"mireille","Dur\u00e9e de lecture estim\u00e9e":"5 minutes"},"schema":{"@context":"https:\/\/schema.org","@graph":[{"@type":"WebPage","@id":"https:\/\/docteurdudemenagement.com\/fr\/demenagement-a-laval-en-hiver-nos-conseils\/","url":"https:\/\/docteurdudemenagement.com\/fr\/demenagement-a-laval-en-hiver-nos-conseils\/","name":"D\u00e9m\u00e9nagement \u00e0 Laval en hiver : nos conseils - Doctor Mover","isPartOf":{"@id":"https:\/\/docteurdudemenagement.com\/#website"},"primaryImageOfPage":{"@id":"https:\/\/docteurdudemenagement.com\/fr\/demenagement-a-laval-en-hiver-nos-conseils\/#primaryimage"},"image":{"@id":"https:\/\/docteurdudemenagement.com\/fr\/demenagement-a-laval-en-hiver-nos-conseils\/#primaryimage"},"thumbnailUrl":"https:\/\/docteurdudemenagement.com\/wp-content\/uploads\/2025\/11\/pexels-blue-bird-7217937-scaled.jpg","datePublished":"2025-11-10T16:44:43+00:00","dateModified":"2026-03-03T19:34:49+00:00","author":{"@id":"https:\/\/docteurdudemenagement.com\/#\/schema\/person\/30c526960b92ebca32e42287f32f50de"},"description":"D\u00e9m\u00e9nagement \u00e0 Laval en hiver\u202f: nos conseils pour un d\u00e9m\u00e9nagement s\u00fbr, rapide et sans stress malgr\u00e9 le froid.","inLanguage":"fr-FR","potentialAction":[{"@type":"ReadAction","target":["https:\/\/docteurdudemenagement.com\/fr\/demenagement-a-laval-en-hiver-nos-conseils\/"]}]},{"@type":"ImageObject","inLanguage":"fr-FR","@id":"https:\/\/docteurdudemenagement.com\/fr\/demenagement-a-laval-en-hiver-nos-conseils\/#primaryimage","url":"https:\/\/docteurdudemenagement.com\/wp-content\/uploads\/2025\/11\/pexels-blue-bird-7217937-scaled.jpg","contentUrl":"https:\/\/docteurdudemenagement.com\/wp-content\/uploads\/2025\/11\/pexels-blue-bird-7217937-scaled.jpg","width":2560,"height":1707,"caption":"Couple"},{"@type":"WebSite","@id":"https:\/\/docteurdudemenagement.com\/#website","url":"https:\/\/docteurdudemenagement.com\/","name":"Doctor Mover","description":"La prescription ultime pour un d\u00e9m\u00e9nagement r\u00e9ussi !","potentialAction":[{"@type":"SearchAction","target":{"@type":"EntryPoint","urlTemplate":"https:\/\/docteurdudemenagement.com\/?s={search_term_string}"},"query-input":{"@type":"PropertyValueSpecification","valueRequired":true,"valueName":"search_term_string"}}],"inLanguage":"fr-FR"},{"@type":"Person","@id":"https:\/\/docteurdudemenagement.com\/#\/schema\/person\/30c526960b92ebca32e42287f32f50de","name":"mireille","image":{"@type":"ImageObject","inLanguage":"fr-FR","@id":"https:\/\/docteurdudemenagement.com\/#\/schema\/person\/image\/","url":"https:\/\/secure.gravatar.com\/avatar\/410598008182c6c4b3c54f655b7206be8e1060f7abccaa9daa02424e03517df4?s=96&d=mm&r=g","contentUrl":"https:\/\/secure.gravatar.com\/avatar\/410598008182c6c4b3c54f655b7206be8e1060f7abccaa9daa02424e03517df4?s=96&d=mm&r=g","caption":"mireille"},"url":"https:\/\/docteurdudemenagement.com\/fr\/author\/mireille\/"}]}},"_links":{"self":[{"href":"https:\/\/docteurdudemenagement.com\/fr\/wp-json\/wp\/v2\/posts\/1378","targetHints":{"allow":["GET"]}}],"collection":[{"href":"https:\/\/docteurdudemenagement.com\/fr\/wp-json\/wp\/v2\/posts"}],"about":[{"href":"https:\/\/docteurdudemenagement.com\/fr\/wp-json\/wp\/v2\/types\/post"}],"author":[{"embeddable":true,"href":"https:\/\/docteurdudemenagement.com\/fr\/wp-json\/wp\/v2\/users\/10"}],"replies":[{"embeddable":true,"href":"https:\/\/docteurdudemenagement.com\/fr\/wp-json\/wp\/v2\/comments?post=1378"}],"version-history":[{"count":10,"href":"https:\/\/docteurdudemenagement.com\/fr\/wp-json\/wp\/v2\/posts\/1378\/revisions"}],"predecessor-version":[{"id":1504,"href":"https:\/\/docteurdudemenagement.com\/fr\/wp-json\/wp\/v2\/posts\/1378\/revisions\/1504"}],"wp:featuredmedia":[{"embeddable":true,"href":"https:\/\/docteurdudemenagement.com\/fr\/wp-json\/wp\/v2\/media\/1382"}],"wp:attachment":[{"href":"https:\/\/docteurdudemenagement.com\/fr\/wp-json\/wp\/v2\/media?parent=1378"}],"wp:term":[{"taxonomy":"category","embeddable":true,"href":"https:\/\/docteurdudemenagement.com\/fr\/wp-json\/wp\/v2\/categories?post=1378"},{"taxonomy":"post_tag","embeddable":true,"href":"https:\/\/docteurdudemenagement.com\/fr\/wp-json\/wp\/v2\/tags?post=1378"}],"curies":[{"name":"wp","href":"https:\/\/api.w.org\/{rel}","templated":true}]}}